{"id":11408,"date":"2025-02-20T15:49:54","date_gmt":"2025-02-20T13:49:54","guid":{"rendered":"https:\/\/metecgroup.eu\/suur-kolimine\/"},"modified":"2025-02-21T09:44:42","modified_gmt":"2025-02-21T07:44:42","slug":"der-grosse-umzug","status":"publish","type":"post","link":"https:\/\/metecgroup.eu\/de\/der-grosse-umzug\/","title":{"rendered":"Metecs leistungsst\u00e4rkste Maschinen sind in ihr neues Zuhause in T\u00f5rvandi umgezogen"},"content":{"rendered":"\n<p>W\u00e4hrend der Rest des Landes die friedliche Weihnachtszeit genoss, fanden sich Metecs vier gr\u00f6\u00dfte und \u00e4lteste Arbeitspferde erneut auf Wanderschaft \u2013 ihre dritte Umsiedlung, um genau zu sein. Sie tauschten das gesch\u00e4ftige Treiben der Stadt gegen eine ruhigere, naturverbundenere Vorstadtumgebung ein \u2013 ein Ort, der ihrem ehrw\u00fcrdigen Alter besser gerecht wird.<\/p>\n\n\n\n<div style=\"height:25px\" aria-hidden=\"true\" class=\"wp-block-spacer\"><\/div>\n\n\n\n<p>Da diese alten Herren ein wenig\u00a0<em>gewichtiger<\/em>\u00a0sind \u2013 mit einem stolzen Gewicht von etwa <strong>40 bis 70 Tonnen<\/strong> \u2013 war f\u00fcr ihren Transport spezielle Ausr\u00fcstung, Schwerlastfahrzeuge und sogar tempor\u00e4re Stra\u00dfensperrungen erforderlich. Um die Beeintr\u00e4chtigung f\u00fcr andere Verkehrsteilnehmer so gering wie m\u00f6glich zu halten, fand die gesamte Aktion in den sp\u00e4ten Abend- und Nachtstunden statt.<\/p>\n\n\n\n<div style=\"height:25px\" aria-hidden=\"true\" class=\"wp-block-spacer\"><\/div>\n\n\n\n<p>Ob dies ihre letzte Arbeitsst\u00e4tte vor dem wohlverdienten Ruhestand sein wird, wird die Zeit zeigen.<\/p>\n\n\n\n<div style=\"height:25px\" aria-hidden=\"true\" class=\"wp-block-spacer\"><\/div>\n\n\n\n<p>Zus\u00e4tzlich zu diesen Schwergewichten verlagerte Metec \u00fcber die Feiertage auch eine betr\u00e4chtliche Menge an kleineren Maschinen, Materialien und Halbzeuge\u00a0nach T\u00f5rvandi.<\/p>\n\n\n\n<div style=\"height:25px\" aria-hidden=\"true\" class=\"wp-block-spacer\"><\/div>\n\n\n\n<p>Im gr\u00f6\u00dferen Zusammenhang gesehen, konzentriert der Umzug die Produktion von\u00a0rohstoffintensiven und gro\u00dfseriengefertigten Produkten in T\u00f5rvandi.<\/p>\n\n\n\n<p>Dadurch entstand wiederum dringend ben\u00f6tigter Platz in der Ringtee-Stra\u00dfe, der nun f\u00fcr die Montage und Fertigung komplexerer und anspruchsvollerer Produkte genutzt wird.<\/p>\n\n\n\n<div style=\"height:25px\" aria-hidden=\"true\" class=\"wp-block-spacer\"><\/div>\n\n\n\n<p>Mit der Inbetriebnahme der neuen Produktionsr\u00e4ume verf\u00fcgt Metec nun \u00fcber die notwendige Infrastruktur f\u00fcr die n\u00e4chsten drei Jahre, um seine strategischen Wachstumspl\u00e4ne umzusetzen.<\/p>\n\n\n\n<div style=\"height:25px\" aria-hidden=\"true\" class=\"wp-block-spacer\"><\/div>\n\n\n\n<p>Und falls erforderlich, kann die Produktionsfl\u00e4che in T\u00f5rvandi kurzfristig um weitere <strong>8000 Quadratmeter<\/strong> erweitert werden.<\/p>\n\n\n\n<p><\/p>\n","protected":false},"excerpt":{"rendered":"<p>W\u00e4hrend der Rest des Landes die friedliche Weihnachtszeit genoss, fanden sich Metecs vier gr\u00f6\u00dfte und \u00e4lteste Arbeitspferde erneut auf Wanderschaft \u2013 ihre dritte Umsiedlung, um genau zu sein. Sie tauschten das gesch\u00e4ftige Treiben der Stadt gegen eine ruhigere, naturverbundenere Vorstadtumgebung ein \u2013 ein Ort, der ihrem ehrw\u00fcrdigen Alter besser gerecht wird. Da diese alten Herren [&hellip;]<\/p>\n","protected":false},"author":18,"featured_media":11410,"comment_status":"closed","ping_status":"closed","sticky":false,"template":"","format":"standard","meta":{"_acf_changed":false,"footnotes":""},"categories":[46],"tags":[],"class_list":["post-11408","post","type-post","status-publish","format-standard","has-post-thumbnail","hentry","category-grupp-de"],"acf":{"luhikirjeldus":"W\u00e4hrend der Rest des Landes die friedliche Weihnachtszeit genoss, fanden sich Metecs vier gr\u00f6\u00dfte und \u00e4lteste Arbeitspferde erneut auf Wanderschaft \u2013 ihre dritte Umsiedlung, um genau zu sein. Sie tauschten das gesch\u00e4ftige Treiben der Stadt gegen eine ruhigere, naturverbundenere Vorstadtumgebung ein \u2013 ein Ort, der ihrem ehrw\u00fcrdigen Alter besser gerecht wird.","galerii":[{"pilt":false,"video":{"ID":11387,"id":11387,"title":"Presside_Kolimine","filename":"Presside_Kolimine_Compressed.mp4","filesize":19663770,"url":"https:\/\/metecgroup.eu\/wp-content\/uploads\/2025\/02\/Presside_Kolimine_Compressed.mp4","link":"https:\/\/metecgroup.eu\/de\/suur-kolimine\/presside_kolimine_compressed\/","alt":"","author":"18","description":"","caption":"","name":"presside_kolimine_compressed","status":"inherit","uploaded_to":11386,"date":"2025-02-20 13:30:31","modified":"2025-02-20 13:31:18","menu_order":0,"mime_type":"video\/mp4","type":"video","subtype":"mp4","icon":"https:\/\/metecgroup.eu\/wp-includes\/images\/media\/video.png","width":1920,"height":1080}}]},"fimg_url":"https:\/\/metecgroup.eu\/wp-content\/uploads\/2025\/02\/SuurKolimineGER.png","_links":{"self":[{"href":"https:\/\/metecgroup.eu\/de\/wp-json\/wp\/v2\/posts\/11408","targetHints":{"allow":["GET"]}}],"collection":[{"href":"https:\/\/metecgroup.eu\/de\/wp-json\/wp\/v2\/posts"}],"about":[{"href":"https:\/\/metecgroup.eu\/de\/wp-json\/wp\/v2\/types\/post"}],"author":[{"embeddable":true,"href":"https:\/\/metecgroup.eu\/de\/wp-json\/wp\/v2\/users\/18"}],"replies":[{"embeddable":true,"href":"https:\/\/metecgroup.eu\/de\/wp-json\/wp\/v2\/comments?post=11408"}],"version-history":[{"count":1,"href":"https:\/\/metecgroup.eu\/de\/wp-json\/wp\/v2\/posts\/11408\/revisions"}],"predecessor-version":[{"id":11414,"href":"https:\/\/metecgroup.eu\/de\/wp-json\/wp\/v2\/posts\/11408\/revisions\/11414"}],"wp:featuredmedia":[{"embeddable":true,"href":"https:\/\/metecgroup.eu\/de\/wp-json\/wp\/v2\/media\/11410"}],"wp:attachment":[{"href":"https:\/\/metecgroup.eu\/de\/wp-json\/wp\/v2\/media?parent=11408"}],"wp:term":[{"taxonomy":"category","embeddable":true,"href":"https:\/\/metecgroup.eu\/de\/wp-json\/wp\/v2\/categories?post=11408"},{"taxonomy":"post_tag","embeddable":true,"href":"https:\/\/metecgroup.eu\/de\/wp-json\/wp\/v2\/tags?post=11408"}],"curies":[{"name":"wp","href":"https:\/\/api.w.org\/{rel}","templated":true}]}}